{"id":505,"date":"2025-02-07T16:09:06","date_gmt":"2025-02-07T16:09:06","guid":{"rendered":"https:\/\/willemprins.me\/?p=505"},"modified":"2025-02-22T18:38:43","modified_gmt":"2025-02-22T18:38:43","slug":"wer-startet-einen-podcast-ich-nicht-denke-ich","status":"publish","type":"post","link":"https:\/\/willemprins.me\/de\/wer-startet-einen-podcast-ich-nicht-denke-ich\/","title":{"rendered":"Wer startet einen Podcast? Ich nicht &#8211; denke ich"},"content":{"rendered":"\n<p>Da ich weit weg von den Orten lebe und arbeite, an denen ich aufgewachsen bin und lebenslange Freundschaften geschlossen habe, sind es die Gespr\u00e4che mit Freunden, die ich am meisten vermisse. Wie die meisten Menschen, so nehme ich an, bin ich nicht sehr gut darin, mich einfach hinzusetzen und Ideen auf mich wirken zu lassen. Stattdessen habe ich festgestellt, dass ich mir meiner eigenen Identit\u00e4t am sichersten bin und am ehesten in Gespr\u00e4chen mit Freunden, \u00fcber das Leben, \u00fcber die Arbeit, \u00fcber alles M\u00f6gliche, Inspiration finde und ein Gef\u00fchl f\u00fcr meine eigene Richtung bekomme. Jetzt, wo ich eine Familie und ein Haus auf dem Lande habe, finden diese Gespr\u00e4che nicht mehr einfach so statt: Ich muss sie suchen &#8211; was ich viel zu selten tue.<\/p>\n\n\n\n<p>Im Januar dieses Jahres wurde mir klar, dass die Zeit zwischen zwei Jobs eine einmalige Gelegenheit bietet, sorgf\u00e4ltig zu \u00fcberlegen, was ich als N\u00e4chstes tun m\u00f6chte und was mir in Bezug auf meine Arbeit am wichtigsten ist. Es gibt zwar ein paar Dinge, die mir wirklich Spa\u00df machen, und <a href=\"https:\/\/willemprins.me.ddev.site\/curriculum-vitae\/\" data-type=\"page\" data-id=\"122\">ich habe Berufserfahrung in vielen verschiedenen Bereichen<\/a> (Webentwicklung, Projekt- und Teamleitung, Produktverantwortung, Moderation von Veranstaltungen und Meetings, Marketing und technisches Schreiben), aber es gibt keine einzige Funktion, Rolle oder Position, die mich so anspricht, dass ich mit \u00dcberzeugung \u00fcber meinen idealen Arbeitstag sprechen k\u00f6nnte. Abgesehen davon habe ich das Gef\u00fchl, dass ich nach 6,5 Jahren in einer vollst\u00e4ndig ferngesteuerten WordPress-Agenturblase sehr wenig \u00fcber die verschiedenen Arten von Organisationen wei\u00df, die es da drau\u00dfen gibt, als Orte, an denen Arbeit stattfindet, als Orte, an denen ich<em> <\/em>m\u00f6glicherweise arbeiten k\u00f6nnte.<\/p>\n\n\n\n<p>Es l\u00e4uft auf Fragen wie diese hinaus:<\/p>\n\n\n\n<ul class=\"wp-block-list\">\n<li>Welche Art von Arbeit w\u00fcrde ich gerne tun? Welche Arten von Aufgaben und Verantwortlichkeiten liegen mir nicht nur, sondern reizen mich sogar?<\/li>\n\n\n\n<li>Welche Art von Arbeit kann ich mir vorstellen, die mir ein Gef\u00fchl der Erf\u00fcllung und des Sinns gibt?<\/li>\n\n\n\n<li>Wonach suche ich in einer Organisation? Wie w\u00fcrde ich gerne mit anderen Menschen zusammenarbeiten &#8211; f\u00fcr andere Menschen?<\/li>\n\n\n\n<li>M\u00f6chte ich weiterhin einer Arbeit nachgehen, die mich an einen Schreibtisch bindet? Aus der Ferne?<\/li>\n<\/ul>\n\n\n\n<p>Da es mir schwer f\u00e4llt, diese Fragen selbst zu beantworten, bin ich nat\u00fcrlich zu dem Schluss gekommen, dass Gespr\u00e4che der Schl\u00fcssel sind, um herauszufinden, wohin es gehen soll.<\/p>\n\n\n\n<p><a href=\"https:\/\/www.youtube.com\/watch?v=g3iHU2oWZbg\">Da ich nun \u00e4lter bin als meine Mutter und mein Vater, als sie ihre Tochter bekamen<\/a>, nehme ich meine eigene Midlife-Crisis in Angriff und beginne eine <s>Podcast-Serie<\/s> mit Gespr\u00e4chen mit Freunden.<\/p>\n\n\n\n<p><strong>Freunde mit Jobs<\/strong>, um genau zu sein. <\/p>\n\n\n\n<p>Und weil es mir als Softwaremensch unausweichlich erscheint, werde ich meine Freunde auch fragen, wie sie KI in ihrer Arbeit einsetzen (k\u00f6nnten). Ich freue mich auch auf Gespr\u00e4che mit Digitalprofis, die sich ganz auf dieses Thema konzentrieren, und wenn es dazu kommt, werde ich diese Gespr\u00e4che <strong>Friends with AI<\/strong> nennen.<\/p>\n\n\n\n<p>Wenn das f\u00fcr Sie interessant klingt, bleiben Sie dran! Ich werde hier, auf dieser Website, dar\u00fcber berichten.<\/p>\n","protected":false},"excerpt":{"rendered":"<p>Ich plane eine Reihe von Gespr\u00e4chen \u00fcber das Arbeitsleben mit dem Titel &#8220;Freunde mit Job&#8221;.<\/p>\n","protected":false},"author":2,"featured_media":834,"comment_status":"open","ping_status":"open","sticky":false,"template":"","format":"standard","meta":{"editor_notices":[],"activitypub_content_warning":"","activitypub_content_visibility":"","activitypub_max_image_attachments":3,"activitypub_interaction_policy_quote":"","activitypub_status":"federated","footnotes":"","_share_on_pixelfed":"1"},"categories":[11],"tags":[],"class_list":["post-505","post","type-post","status-publish","format-standard","has-post-thumbnail","hentry","category-life"],"share_on_pixelfed":{"url":"","error":""},"_links":{"self":[{"href":"https:\/\/willemprins.me\/de\/wp-json\/wp\/v2\/posts\/505","targetHints":{"allow":["GET"]}}],"collection":[{"href":"https:\/\/willemprins.me\/de\/wp-json\/wp\/v2\/posts"}],"about":[{"href":"https:\/\/willemprins.me\/de\/wp-json\/wp\/v2\/types\/post"}],"author":[{"embeddable":true,"href":"https:\/\/willemprins.me\/de\/wp-json\/wp\/v2\/users\/2"}],"replies":[{"embeddable":true,"href":"https:\/\/willemprins.me\/de\/wp-json\/wp\/v2\/comments?post=505"}],"version-history":[{"count":4,"href":"https:\/\/willemprins.me\/de\/wp-json\/wp\/v2\/posts\/505\/revisions"}],"predecessor-version":[{"id":1179,"href":"https:\/\/willemprins.me\/de\/wp-json\/wp\/v2\/posts\/505\/revisions\/1179"}],"wp:featuredmedia":[{"embeddable":true,"href":"https:\/\/willemprins.me\/de\/wp-json\/wp\/v2\/media\/834"}],"wp:attachment":[{"href":"https:\/\/willemprins.me\/de\/wp-json\/wp\/v2\/media?parent=505"}],"wp:term":[{"taxonomy":"category","embeddable":true,"href":"https:\/\/willemprins.me\/de\/wp-json\/wp\/v2\/categories?post=505"},{"taxonomy":"post_tag","embeddable":true,"href":"https:\/\/willemprins.me\/de\/wp-json\/wp\/v2\/tags?post=505"}],"curies":[{"name":"wp","href":"https:\/\/api.w.org\/{rel}","templated":true}]}}